{"id":2064,"global_id":"eichenlaub-haunwang.de?id=2064","global_id_lineage":["eichenlaub-haunwang.de?id=2064"],"author":"3","status":"publish","date":"2025-10-22 14:48:46","date_utc":"2025-10-22 12:48:46","modified":"2026-03-01 11:00:24","modified_utc":"2026-03-01 10:00:24","url":"https:\/\/eichenlaub-haunwang.de\/index.php\/event\/150-jaehriges-gruendungsfest-der-freiwilligen-feuerwehr-haunwang-e-v\/","rest_url":"https:\/\/eichenlaub-haunwang.de\/index.php\/wp-json\/tribe\/events\/v1\/events\/2064","title":"150-j\u00e4hriges Gr\u00fcndungsfest der Freiwilligen Feuerwehr Haunwang e. V.","description":"<div class=\"tribe-events-schedule tribe-clearfix\">\n\t<p class=\"tribe-events-schedule__datetime\">\n\t\t<span class=\"tribe-events-schedule__date tribe-events-schedule__date--start\">\n\t\t\t\t\t<\/span>\n\n\t\t\t\t\t<span class=\"tribe-events-schedule__separator tribe-events-schedule__separator--date\">\n\t\t\t\t @ \t\t\t<\/span>\n\t\t\t<span class=\"tribe-events-schedule__time tribe-events-schedule__time--start\">\n\t\t\t\t\t\t\t<\/span>\n\t\t\n\t\t\t<\/p>\n<\/div>\n\n\n\n<p>07:30 Uhr: Ein\u00adtref\u00adfen der Ver\u00adei\u00adne<br>08:00\u201309:30 Uhr: Wei\u00df\u00adwurst\u00ades\u00adsen<br>09:30 Uhr: Auf\u00adstel\u00adlung zum Kir\u00adchen\u00adzug<br>09:45 Uhr: Kir\u00adchen\u00adzug<br>10:00 Uhr: Fest\u00adgot\u00adtes\u00addienst im Frei\u00aden am Kir\u00adchen\u00adpark\u00adplatz mit anschlie\u00ad\u00dfen\u00adden Reden<br>11:30 Uhr: R\u00fcck\u00admarsch zur Fest\u00adhal\u00adle<br>12:00 Uhr: Mit\u00adtag\u00adessen, anschlie\u00ad\u00dfend Kaffee\/Kuchen und Fest\u00adaus\u00adklang mit den Haun\u00adwan\u00adger Musi\u00adkan\u00adten<\/p>\n\n\n<div class=\"tribe-block tribe-block__event-price\">\n\t\t<\/div>\n\n\n<div class=\"tribe-block tribe-block__organizer__details tribe-clearfix\">\n\t<div class=\"tribe-block__organizer__title\">\n\t\t<h3>Freiwillige Feuerwehr Haunwang<\/h3>\n\t<\/div>\n\t\t\t<\/div>\n\n\n<div class=\"tribe-block tribe-block__venue tribe-clearfix\">\n\t\n\t\t\n\t<\/div>\n\n\n\n\n\t<div class=\"tribe-block tribe-block__events-link\">\n\t\t<div class=\"tribe-events tribe-common\">\n\t\t\t<div class=\"tribe-events-c-subscribe-dropdown__container\">\n\t\t\t\t<div class=\"tribe-events-c-subscribe-dropdown\">\n\t\t\t\t\t<div class=\"tribe-common-c-btn-border tribe-events-c-subscribe-dropdown__button\">\n\t\t\t\t\t\t<svg class=\"tribe-common-c-svgicon tribe-common-c-svgicon--cal-export tribe-events-c-subscribe-dropdown__export-icon\" aria-hidden=\"true\" viewBox=\"0 0 23 17\">\n\t<path fill-rule=\"evenodd\" clip-rule=\"evenodd\" d=\"M.128.896V16.13c0 .211.145.383.323.383h15.354c.179 0 .323-.172.323-.383V.896c0-.212-.144-.383-.323-.383H.451C.273.513.128.684.128.896Zm16 6.742h-.901V4.679H1.009v10.729h14.218v-3.336h.901V7.638ZM1.01 1.614h14.218v2.058H1.009V1.614Z\" \/>\n\t<path d=\"M20.5 9.846H8.312M18.524 6.953l2.89 2.909-2.855 2.855\" stroke-width=\"1.2\" stroke-linecap=\"round\" stroke-linejoin=\"round\" \/>\n<\/svg>\n\t\t\t\t\t\t<button class=\"tribe-events-c-subscribe-dropdown__button-text\" aria-expanded=\"false\" aria-controls=\"tribe-events-subscribe-dropdown-content\" aria-label=\"Zeige Links an um Veranstaltungen zu deinem Kalender hinzuzuf\u00fcgen\">\n\t\t\t\t\t\t\tZum Kalender hinzuf\u00fcgen\t\t\t\t\t\t<\/button>\n\t\t\t\t\t\t<svg class=\"tribe-common-c-svgicon tribe-common-c-svgicon--caret-down tribe-events-c-subscribe-dropdown__button-icon\" aria-hidden=\"true\" viewBox=\"0 0 10 7\">\n\t<path fill-rule=\"evenodd\" clip-rule=\"evenodd\" d=\"M1.008.609L5 4.6 8.992.61l.958.958L5 6.517.05 1.566l.958-.958z\" class=\"tribe-common-c-svgicon__svg-fill\" \/>\n<\/svg>\n\t\t\t\t\t<\/div>\n\t\t\t\t\t<div id=\"tribe-events-subscribe-dropdown-content\" class=\"tribe-events-c-subscribe-dropdown__content\">\n\t\t\t\t\t\t<ul class=\"tribe-events-c-subscribe-dropdown__list\">\n\t\t\t\t\t\t\t\t\t\t\t\t\t\t\t<li class=\"tribe-events-c-subscribe-dropdown__list-item tribe-events-c-subscribe-dropdown__list-item--gcal\">\n\t\t\t\t\t\t\t\t\t<a href class=\"tribe-events-c-subscribe-dropdown__list-item-link\" target=\"_blank\" rel=\"noopener noreferrer nofollow noindex\">\n\t\t\t\t\t\t\t\t\t\tGoog\u00adle Kalen\u00adder\t\t\t\t\t\t\t\t\t<\/a>\n\t\t\t\t\t\t\t\t<\/li>\n\t\t\t\t\t\t\t\t\t\t\t\t\t\t\t<li class=\"tribe-events-c-subscribe-dropdown__list-item tribe-events-c-subscribe-dropdown__list-item--ical\">\n\t\t\t\t\t\t\t\t\t<a href class=\"tribe-events-c-subscribe-dropdown__list-item-link\" target=\"_blank\" rel=\"noopener noreferrer nofollow noindex\">\n\t\t\t\t\t\t\t\t\t\tiCal\u00aden\u00addar\t\t\t\t\t\t\t\t\t<\/a>\n\t\t\t\t\t\t\t\t<\/li>\n\t\t\t\t\t\t\t\t\t\t\t\t\t\t\t<li class=\"tribe-events-c-subscribe-dropdown__list-item tribe-events-c-subscribe-dropdown__list-item--outlook-365\">\n\t\t\t\t\t\t\t\t\t<a href class=\"tribe-events-c-subscribe-dropdown__list-item-link\" target=\"_blank\" rel=\"noopener noreferrer nofollow noindex\">\n\t\t\t\t\t\t\t\t\t\tOut\u00adlook 365\t\t\t\t\t\t\t\t\t<\/a>\n\t\t\t\t\t\t\t\t<\/li>\n\t\t\t\t\t\t\t\t\t\t\t\t\t\t\t<li class=\"tribe-events-c-subscribe-dropdown__list-item tribe-events-c-subscribe-dropdown__list-item--outlook-live\">\n\t\t\t\t\t\t\t\t\t<a href class=\"tribe-events-c-subscribe-dropdown__list-item-link\" target=\"_blank\" rel=\"noopener noreferrer nofollow noindex\">\n\t\t\t\t\t\t\t\t\t\tOut\u00adlook Live\t\t\t\t\t\t\t\t\t<\/a>\n\t\t\t\t\t\t\t\t<\/li>\n\t\t\t\t\t\t\t\t\t\t\t\t\t<\/ul>\n\t\t\t\t\t<\/div>\n\t\t\t\t<\/div>\n\t\t\t<\/div>\n\t\t<\/div>\n\t<\/div>","excerpt":"","slug":"150-jaehriges-gruendungsfest-der-freiwilligen-feuerwehr-haunwang-e-v","image":{"url":"https:\/\/eichenlaub-haunwang.de\/wp-content\/uploads\/2024\/04\/ff-haunwang.png","id":784,"extension":"png","width":165,"height":177,"filesize":57114,"sizes":{"thumbnail":{"width":150,"height":150,"mime-type":"image\/png","filesize":42100,"url":"https:\/\/eichenlaub-haunwang.de\/wp-content\/uploads\/2024\/04\/ff-haunwang-150x150.png"}}},"all_day":false,"start_date":"2026-05-03 07:30:00","start_date_details":{"year":"2026","month":"05","day":"03","hour":"07","minutes":"30","seconds":"00"},"end_date":"2026-05-03 12:00:00","end_date_details":{"year":"2026","month":"05","day":"03","hour":"12","minutes":"00","seconds":"00"},"utc_start_date":"2026-05-03 05:30:00","utc_start_date_details":{"year":"2026","month":"05","day":"03","hour":"05","minutes":"30","seconds":"00"},"utc_end_date":"2026-05-03 10:00:00","utc_end_date_details":{"year":"2026","month":"05","day":"03","hour":"10","minutes":"00","seconds":"00"},"timezone":"Europe\/Berlin","timezone_abbr":"","cost":"","cost_details":{"currency_symbol":"\u20ac","currency_code":"EUR","currency_position":"prefix","values":[]},"website":"","show_map":false,"show_map_link":false,"hide_from_listings":false,"sticky":false,"featured":false,"categories":[{"name":"Allgemein","slug":"allgemein","term_group":0,"term_taxonomy_id":4,"taxonomy":"tribe_events_cat","description":"<strong>\u00dcbergeordnete Kategorie f\u00fcr fast alles, dient auch als Kategorie f\u00fcr die allgemeine Termin\u00fcbersicht<\/strong>","parent":0,"count":93,"filter":"raw","id":4,"urls":{"self":"https:\/\/eichenlaub-haunwang.de\/index.php\/wp-json\/tribe\/events\/v1\/categories\/4","collection":"https:\/\/eichenlaub-haunwang.de\/index.php\/wp-json\/tribe\/events\/v1\/categories"}},{"name":"Tracht mit Fahnenabordnung","slug":"tracht-mit-fahnenabordnung","term_group":0,"term_taxonomy_id":29,"taxonomy":"tribe_events_cat","description":"Gr\u00fcndungsfeste und alle offiziellen Veranstaltungen an denen in Tracht mit Fahnenabordnung und ggf. Taferl teilgenommen wird.","parent":4,"count":14,"filter":"raw","id":29,"urls":{"self":"https:\/\/eichenlaub-haunwang.de\/index.php\/wp-json\/tribe\/events\/v1\/categories\/29","collection":"https:\/\/eichenlaub-haunwang.de\/index.php\/wp-json\/tribe\/events\/v1\/categories","up":"https:\/\/eichenlaub-haunwang.de\/index.php\/wp-json\/tribe\/events\/v1\/categories\/4"}}],"tags":[],"venue":[],"organizer":[{"id":318,"author":"1","status":"publish","date":"2023-11-22 20:45:45","date_utc":"2023-11-22 19:45:45","modified":"2024-04-15 17:14:40","modified_utc":"2024-04-15 15:14:40","url":"https:\/\/eichenlaub-haunwang.de\/index.php\/veranstalter\/freiwillige-feuerwehr-haunwang\/","organizer":"Freiwillige Feuerwehr Haunwang","slug":"freiwillige-feuerwehr-haunwang","image":{"url":"https:\/\/eichenlaub-haunwang.de\/wp-content\/uploads\/2024\/04\/ff-haunwang.png","id":784,"extension":"png","width":165,"height":177,"filesize":57114,"sizes":{"thumbnail":{"width":150,"height":150,"mime-type":"image\/png","filesize":42100,"url":"https:\/\/eichenlaub-haunwang.de\/wp-content\/uploads\/2024\/04\/ff-haunwang-150x150.png"}}},"json_ld":{"@type":"Person","name":"Freiwillige Feuerwehr Haunwang","description":"","image":"https:\/\/eichenlaub-haunwang.de\/wp-content\/uploads\/2024\/04\/ff-haunwang.png","url":"","telephone":"","email":"","sameAs":""},"global_id":"eichenlaub-haunwang.de?id=318","global_id_lineage":["eichenlaub-haunwang.de?id=318"]}],"custom_fields":[],"json_ld":{"@context":"http:\/\/schema.org","@type":"Event","name":"150-j\u00e4hriges Gr\u00fcndungsfest der Freiwilligen Feuerwehr Haunwang e. V.","description":"&lt;p&gt;07:30 Uhr: Eintreffen der Vereine08:00-09:30 Uhr: Wei\u00dfwurstessen09:30 Uhr: Aufstellung zum Kirchenzug09:45 Uhr: Kirchenzug10:00 Uhr: Festgottesdienst im Freien am Kirchenparkplatz mit anschlie\u00dfenden Reden11:30 Uhr: R\u00fcckmarsch zur Festhalle12:00 Uhr: Mittagessen, anschlie\u00dfend Kaffee\/Kuchen [&hellip;]&lt;\/p&gt;\\n","image":"https:\/\/eichenlaub-haunwang.de\/wp-content\/uploads\/2024\/04\/ff-haunwang.png","url":"https:\/\/eichenlaub-haunwang.de\/index.php\/event\/150-jaehriges-gruendungsfest-der-freiwilligen-feuerwehr-haunwang-e-v\/","eventAttendanceMode":"https:\/\/schema.org\/OfflineEventAttendanceMode","eventStatus":"https:\/\/schema.org\/EventScheduled","startDate":"2026-05-03T07:30:00+02:00","endDate":"2026-05-03T12:00:00+02:00","organizer":{"@type":"Person","name":"Freiwillige Feuerwehr Haunwang","description":"","image":"https:\/\/eichenlaub-haunwang.de\/wp-content\/uploads\/2024\/04\/ff-haunwang.png","url":"","telephone":"","email":"","sameAs":""},"performer":"Organization"}}