{"id":727,"global_id":"eichenlaub-haunwang.de?id=727","global_id_lineage":["eichenlaub-haunwang.de?id=727"],"author":"1","status":"publish","date":"2024-04-02 21:58:31","date_utc":"2024-04-02 19:58:31","modified":"2024-05-15 20:58:18","modified_utc":"2024-05-15 18:58:18","url":"https:\/\/eichenlaub-haunwang.de\/index.php\/event\/25-jaehr-priesterjubilaeum-pfarrer-konrad-eder\/","rest_url":"https:\/\/eichenlaub-haunwang.de\/index.php\/wp-json\/tribe\/events\/v1\/events\/727","title":"25 j\u00e4hr. Priesterjubil\u00e4um Pfarrer Konrad Eder","description":"<div class=\"tribe-events-schedule tribe-clearfix\">\n\t<p class=\"tribe-events-schedule__datetime\">\n\t\t<span class=\"tribe-events-schedule__date tribe-events-schedule__date--start\">\n\t\t\t\t\t<\/span>\n\n\t\t\t\t\t<span class=\"tribe-events-schedule__separator tribe-events-schedule__separator--date\">\n\t\t\t\t @ \t\t\t<\/span>\n\t\t\t<span class=\"tribe-events-schedule__time tribe-events-schedule__time--start\">\n\t\t\t\t\t\t\t<\/span>\n\t\t\n\t\t\t<\/p>\n<\/div>\n\n\n\n<p><\/p>\n\n\n<div class=\"wpforms-container wpforms-container-full wpforms-block wpforms-block-3142a067-12cd-4745-aa57-272ac9a946a0 wpforms-render-modern\" id=\"wpforms-966\"><form id=\"wpforms-form-966\" class=\"wpforms-validate wpforms-form wpforms-ajax-form\" data-formid=\"966\" method=\"post\" enctype=\"multipart\/form-data\" action=\"\/index.php\/wp-json\/tribe\/events\/v1\/events\/727\" data-token=\"ff34dbfa936ec2e7bef494f064192fd7\" data-token-time=\"1777353636\"><noscript class=\"wpforms-error-noscript\">Bit\u00adte akti\u00advie\u00adre Java\u00adScript in dei\u00adnem Brow\u00adser, um die\u00adses For\u00admu\u00adlar fer\u00adtig\u00adzu\u00adstel\u00adlen.<\/noscript><div id=\"wpforms-error-noscript\" style=\"display: none;\">Bit\u00adte akti\u00advie\u00adre Java\u00adScript in dei\u00adnem Brow\u00adser, um die\u00adses For\u00admu\u00adlar fer\u00adtig\u00adzu\u00adstel\u00adlen.<\/div><div class=\"wpforms-field-container\"><div id=\"wpforms-966-field_2-container\" class=\"wpforms-field wpforms-field-text\" data-field-id=\"2\"><label class=\"wpforms-field-label\" for=\"wpforms-966-field_2\">Vor\u00adna\u00adme <span class=\"wpforms-required-label\" aria-hidden=\"true\">*<\/span><\/label><input type=\"text\" id=\"wpforms-966-field_2\" class=\"wpforms-field-medium wpforms-field-required\" name=\"wpforms[fields][2]\" aria-errormessage=\"wpforms-966-field_2-error\" required><\/div><div id=\"wpforms-966-field_3-container\" class=\"wpforms-field wpforms-field-text\" data-field-id=\"3\"><label class=\"wpforms-field-label\" for=\"wpforms-966-field_3\">Nach\u00adna\u00adme <span class=\"wpforms-required-label\" aria-hidden=\"true\">*<\/span><\/label><input type=\"text\" id=\"wpforms-966-field_3\" class=\"wpforms-field-medium wpforms-field-required\" name=\"wpforms[fields][3]\" aria-errormessage=\"wpforms-966-field_3-error\" required><\/div><div id=\"wpforms-966-field_8-container\" class=\"wpforms-field wpforms-field-email\" data-field-id=\"8\"><label class=\"wpforms-field-label\" for=\"wpforms-966-field_8\">E\u2011Mail-Adres\u00adse <span class=\"wpforms-required-label\" aria-hidden=\"true\">*<\/span><\/label><input type=\"email\" id=\"wpforms-966-field_8\" class=\"wpforms-field-medium wpforms-field-required\" name=\"wpforms[fields][8]\" spellcheck=\"false\" aria-errormessage=\"wpforms-966-field_8-error\" required><\/div><div id=\"wpforms-966-field_4-container\" class=\"wpforms-field wpforms-field-number\" data-field-id=\"4\"><label class=\"wpforms-field-label\" for=\"wpforms-966-field_4\">Anzahl Per\u00adso\u00adnen <span class=\"wpforms-required-label\" aria-hidden=\"true\">*<\/span><\/label><input type=\"number\" id=\"wpforms-966-field_4\" class=\"wpforms-field-medium wpforms-field-required\" name=\"wpforms[fields][4]\" placeholder=\"1\" step=\"any\" aria-errormessage=\"wpforms-966-field_4-error\" aria-describedby=\"wpforms-966-field_4-description\" required><div id=\"wpforms-966-field_4-description\" class=\"wpforms-field-description\">Anzahl Festzeichen\/Mittagessen<\/div><\/div><\/div><!-- .wpforms-field-container --><div class=\"wpforms-recaptcha-container wpforms-is-recaptcha wpforms-is-recaptcha-type-invisible\"><div class=\"g-recaptcha\" data-sitekey=\"6LdA5xQpAAAAAFyw8DB8BCan9TW7umtNfA8khO1C\" data-size=\"invisible\"><\/div><\/div><div class=\"wpforms-submit-container\"><input type=\"hidden\" name=\"wpforms[id]\" value=\"966\"><input type=\"hidden\" name=\"page_title\" value><input type=\"hidden\" name=\"page_url\" value=\"https:\/\/eichenlaub-haunwang.de\/index.php\/wp-json\/tribe\/events\/v1\/events\/727\"><input type=\"hidden\" name=\"url_referer\" value><button type=\"submit\" name=\"wpforms[submit]\" id=\"wpforms-submit-966\" class=\"wpforms-submit\" data-alt-text=\"Wird gesendet&nbsp;\u2026\" data-submit-text=\"Absenden\" aria-live=\"assertive\" value=\"wpforms-submit\">Absenden<\/button><img loading=\"lazy\" decoding=\"async\" src=\"https:\/\/eichenlaub-haunwang.de\/wp-content\/plugins\/wpforms-lite\/assets\/images\/submit-spin.svg\" class=\"wpforms-submit-spinner\" style=\"display: none;\" width=\"26\" height=\"26\" alt=\"Wird geladen\"><\/div><\/form><\/div>  <!-- .wpforms-container -->\n\n<a href=\"https:\/\/eichenlaub-haunwang.de\/wp-content\/uploads\/2024\/04\/2024-03-26-Einladung-Jubilaeum-Pfr.-Eder.pdf\" class=\"pdfemb-viewer\" style data-width=\"max\" data-height=\"max\" data-toolbar=\"bottom\" data-toolbar-fixed=\"off\">2024\u201303-26-Einladung-Jubilaeum-Pfr.-Eder<\/a>\n\n<div class=\"tribe-block tribe-block__event-price\">\n\t\t<\/div>\n\n\n<div class=\"tribe-block tribe-block__organizer__details tribe-clearfix\">\n\t<div class=\"tribe-block__organizer__title\">\n\t\t<h3>Pfarrverband Steinzell<\/h3>\n\t<\/div>\n\t\t\t<p class=\"tribe-block__organizer__phone\">08709\u201394 383\u20130<\/p>\n\t\t\t\t<p class=\"tribe-block__organizer__website\"><a href=\"https:\/\/www.erzbistum-muenchen.de\/pfarrei\/pv-steinzell\" target=\"_blank\" rel=\"noopener noreferrer\">Ver\u00adan\u00adstal\u00adter-Web\u00adsite anzei\u00adgen<\/a><\/p>\n\t\t\t\t<p class=\"tribe-block__organizer__email\">Pfarrverband.Steinzell@ebmuc.de<\/p>\n\t<\/div>\n\n\n<div class=\"tribe-block tribe-block__venue tribe-clearfix tribe-block__venue--has-map\">\n\t\n\t\t\n<div class=\"tribe-block__venue__map\">\n\t\n<iframe loading=\"lazy\" title=\"Iframe von Google Maps, der die Adresse von Pfarrkirche St. Peter Buch am Erlbach anzeigt\" aria-label=\"Karte des Veranstaltungsortes\" width=\"310px\" height=\"256px\" frameborder=\"0\" style=\"border:0\" src=\"https:\/\/www.google.com\/maps\/embed\/v1\/place?key=AIzaSyDNsicAsP6-VuGtAb1O9riI3oc_NOb7IOU&amp;q=Kirchgasse+7+Buch+am+Erlbach+Bayern+84172+&amp;zoom=15\" allowfullscreen>\n<\/iframe>\n<\/div>\n\n\t<\/div>\n\n\n\n\n\t<div class=\"tribe-block tribe-block__events-link\">\n\t\t<div class=\"tribe-events tribe-common\">\n\t\t\t<div class=\"tribe-events-c-subscribe-dropdown__container\">\n\t\t\t\t<div class=\"tribe-events-c-subscribe-dropdown\">\n\t\t\t\t\t<div class=\"tribe-common-c-btn-border tribe-events-c-subscribe-dropdown__button\">\n\t\t\t\t\t\t<svg class=\"tribe-common-c-svgicon tribe-common-c-svgicon--cal-export tribe-events-c-subscribe-dropdown__export-icon\" aria-hidden=\"true\" viewBox=\"0 0 23 17\">\n\t<path fill-rule=\"evenodd\" clip-rule=\"evenodd\" d=\"M.128.896V16.13c0 .211.145.383.323.383h15.354c.179 0 .323-.172.323-.383V.896c0-.212-.144-.383-.323-.383H.451C.273.513.128.684.128.896Zm16 6.742h-.901V4.679H1.009v10.729h14.218v-3.336h.901V7.638ZM1.01 1.614h14.218v2.058H1.009V1.614Z\" \/>\n\t<path d=\"M20.5 9.846H8.312M18.524 6.953l2.89 2.909-2.855 2.855\" stroke-width=\"1.2\" stroke-linecap=\"round\" stroke-linejoin=\"round\" \/>\n<\/svg>\n\t\t\t\t\t\t<button class=\"tribe-events-c-subscribe-dropdown__button-text\" aria-expanded=\"false\" aria-controls=\"tribe-events-subscribe-dropdown-content\" aria-label=\"Zeige Links an um Veranstaltungen zu deinem Kalender hinzuzuf\u00fcgen\">\n\t\t\t\t\t\t\tZum Kalender hinzuf\u00fcgen\t\t\t\t\t\t<\/button>\n\t\t\t\t\t\t<svg class=\"tribe-common-c-svgicon tribe-common-c-svgicon--caret-down tribe-events-c-subscribe-dropdown__button-icon\" aria-hidden=\"true\" viewBox=\"0 0 10 7\">\n\t<path fill-rule=\"evenodd\" clip-rule=\"evenodd\" d=\"M1.008.609L5 4.6 8.992.61l.958.958L5 6.517.05 1.566l.958-.958z\" class=\"tribe-common-c-svgicon__svg-fill\" \/>\n<\/svg>\n\t\t\t\t\t<\/div>\n\t\t\t\t\t<div id=\"tribe-events-subscribe-dropdown-content\" class=\"tribe-events-c-subscribe-dropdown__content\">\n\t\t\t\t\t\t<ul class=\"tribe-events-c-subscribe-dropdown__list\">\n\t\t\t\t\t\t\t\t\t\t\t\t\t\t\t<li class=\"tribe-events-c-subscribe-dropdown__list-item tribe-events-c-subscribe-dropdown__list-item--gcal\">\n\t\t\t\t\t\t\t\t\t<a href class=\"tribe-events-c-subscribe-dropdown__list-item-link\" target=\"_blank\" rel=\"noopener noreferrer nofollow noindex\">\n\t\t\t\t\t\t\t\t\t\tGoog\u00adle Kalen\u00adder\t\t\t\t\t\t\t\t\t<\/a>\n\t\t\t\t\t\t\t\t<\/li>\n\t\t\t\t\t\t\t\t\t\t\t\t\t\t\t<li class=\"tribe-events-c-subscribe-dropdown__list-item tribe-events-c-subscribe-dropdown__list-item--ical\">\n\t\t\t\t\t\t\t\t\t<a href class=\"tribe-events-c-subscribe-dropdown__list-item-link\" target=\"_blank\" rel=\"noopener noreferrer nofollow noindex\">\n\t\t\t\t\t\t\t\t\t\tiCal\u00aden\u00addar\t\t\t\t\t\t\t\t\t<\/a>\n\t\t\t\t\t\t\t\t<\/li>\n\t\t\t\t\t\t\t\t\t\t\t\t\t\t\t<li class=\"tribe-events-c-subscribe-dropdown__list-item tribe-events-c-subscribe-dropdown__list-item--outlook-365\">\n\t\t\t\t\t\t\t\t\t<a href class=\"tribe-events-c-subscribe-dropdown__list-item-link\" target=\"_blank\" rel=\"noopener noreferrer nofollow noindex\">\n\t\t\t\t\t\t\t\t\t\tOut\u00adlook 365\t\t\t\t\t\t\t\t\t<\/a>\n\t\t\t\t\t\t\t\t<\/li>\n\t\t\t\t\t\t\t\t\t\t\t\t\t\t\t<li class=\"tribe-events-c-subscribe-dropdown__list-item tribe-events-c-subscribe-dropdown__list-item--outlook-live\">\n\t\t\t\t\t\t\t\t\t<a href class=\"tribe-events-c-subscribe-dropdown__list-item-link\" target=\"_blank\" rel=\"noopener noreferrer nofollow noindex\">\n\t\t\t\t\t\t\t\t\t\tOut\u00adlook Live\t\t\t\t\t\t\t\t\t<\/a>\n\t\t\t\t\t\t\t\t<\/li>\n\t\t\t\t\t\t\t\t\t\t\t\t\t<\/ul>\n\t\t\t\t\t<\/div>\n\t\t\t\t<\/div>\n\t\t\t<\/div>\n\t\t<\/div>\n\t<\/div>","excerpt":"","slug":"25-jaehr-priesterjubilaeum-pfarrer-konrad-eder","image":false,"all_day":false,"start_date":"2024-06-30 10:00:00","start_date_details":{"year":"2024","month":"06","day":"30","hour":"10","minutes":"00","seconds":"00"},"end_date":"2024-06-30 17:00:00","end_date_details":{"year":"2024","month":"06","day":"30","hour":"17","minutes":"00","seconds":"00"},"utc_start_date":"2024-06-30 08:00:00","utc_start_date_details":{"year":"2024","month":"06","day":"30","hour":"08","minutes":"00","seconds":"00"},"utc_end_date":"2024-06-30 15:00:00","utc_end_date_details":{"year":"2024","month":"06","day":"30","hour":"15","minutes":"00","seconds":"00"},"timezone":"Europe\/Berlin","timezone_abbr":"","cost":"","cost_details":{"currency_symbol":"\u20ac","currency_code":"EUR","currency_position":"prefix","values":[]},"website":"","show_map":false,"show_map_link":false,"hide_from_listings":false,"sticky":false,"featured":false,"categories":[{"name":"Allgemein","slug":"allgemein","term_group":0,"term_taxonomy_id":4,"taxonomy":"tribe_events_cat","description":"<strong>\u00dcbergeordnete Kategorie f\u00fcr fast alles, dient auch als Kategorie f\u00fcr die allgemeine Termin\u00fcbersicht<\/strong>","parent":0,"count":93,"filter":"raw","id":4,"urls":{"self":"https:\/\/eichenlaub-haunwang.de\/index.php\/wp-json\/tribe\/events\/v1\/categories\/4","collection":"https:\/\/eichenlaub-haunwang.de\/index.php\/wp-json\/tribe\/events\/v1\/categories"}},{"name":"Tracht mit Fahnenabordnung","slug":"tracht-mit-fahnenabordnung","term_group":0,"term_taxonomy_id":29,"taxonomy":"tribe_events_cat","description":"Gr\u00fcndungsfeste und alle offiziellen Veranstaltungen an denen in Tracht mit Fahnenabordnung und ggf. Taferl teilgenommen wird.","parent":4,"count":14,"filter":"raw","id":29,"urls":{"self":"https:\/\/eichenlaub-haunwang.de\/index.php\/wp-json\/tribe\/events\/v1\/categories\/29","collection":"https:\/\/eichenlaub-haunwang.de\/index.php\/wp-json\/tribe\/events\/v1\/categories","up":"https:\/\/eichenlaub-haunwang.de\/index.php\/wp-json\/tribe\/events\/v1\/categories\/4"}}],"tags":[],"venue":{"id":729,"author":"1","status":"publish","date":"2024-04-02 22:00:03","date_utc":"2024-04-02 20:00:03","modified":"2024-04-02 22:00:03","modified_utc":"2024-04-02 20:00:03","url":"https:\/\/eichenlaub-haunwang.de\/index.php\/veranstaltungsort\/pfarrkirche-st-peter-buch-am-erlbach\/","venue":"Pfarrkirche St. Peter Buch am Erlbach","slug":"pfarrkirche-st-peter-buch-am-erlbach","address":"Kirchgasse 7","city":"Buch am Erlbach","province":"Bayern","zip":"84172","website":"http:\/\/www.erzbistum-muenchen.de\/pv-steinzell","stateprovince":"Bayern","json_ld":{"@type":"Place","name":"Pfarrkirche St. Peter Buch am Erlbach","description":"","url":"","address":{"@type":"PostalAddress","streetAddress":"Kirchgasse 7","addressLocality":"Buch am Erlbach","addressRegion":"Bayern","postalCode":"84172"},"telephone":"","sameAs":"http:\/\/www.erzbistum-muenchen.de\/pv-steinzell"},"show_map":true,"show_map_link":true,"global_id":"eichenlaub-haunwang.de?id=729","global_id_lineage":["eichenlaub-haunwang.de?id=729"]},"organizer":[{"id":720,"author":"1","status":"publish","date":"2024-04-02 21:44:20","date_utc":"2024-04-02 19:44:20","modified":"2024-04-02 21:44:20","modified_utc":"2024-04-02 19:44:20","url":"https:\/\/eichenlaub-haunwang.de\/index.php\/veranstalter\/pfarrverband-steinzell\/","organizer":"Pfarrverband Steinzell","slug":"pfarrverband-steinzell","phone":"08709-94 383-0","website":"https:\/\/www.erzbistum-muenchen.de\/pfarrei\/pv-steinzell","email":"Pfarrverband.Steinzell@ebmuc.de","json_ld":{"@type":"Person","name":"Pfarrverband Steinzell","description":"","url":"https:\/\/www.erzbistum-muenchen.de\/pfarrei\/pv-steinzell","telephone":"08709-94 383-0","email":"Pf&#97;rr&#118;e&#114;b&#97;n&#100;.Ste&#105;&#110;zell&#64;e&#98;muc.&#100;&#101;","sameAs":"https:\/\/www.erzbistum-muenchen.de\/pfarrei\/pv-steinzell"},"global_id":"eichenlaub-haunwang.de?id=720","global_id_lineage":["eichenlaub-haunwang.de?id=720"]}],"custom_fields":[],"json_ld":{"@context":"http:\/\/schema.org","@type":"Event","name":"25 j\u00e4hr. Priesterjubil\u00e4um Pfarrer Konrad Eder","description":"","url":"https:\/\/eichenlaub-haunwang.de\/index.php\/event\/25-jaehr-priesterjubilaeum-pfarrer-konrad-eder\/","eventAttendanceMode":"https:\/\/schema.org\/OfflineEventAttendanceMode","eventStatus":"https:\/\/schema.org\/EventScheduled","startDate":"2024-06-30T10:00:00+02:00","endDate":"2024-06-30T17:00:00+02:00","location":{"@type":"Place","name":"Pfarrkirche St. Peter Buch am Erlbach","description":"","url":"","address":{"@type":"PostalAddress","streetAddress":"Kirchgasse 7","addressLocality":"Buch am Erlbach","addressRegion":"Bayern","postalCode":"84172"},"telephone":"","sameAs":"http:\/\/www.erzbistum-muenchen.de\/pv-steinzell"},"organizer":{"@type":"Person","name":"Pfarrverband Steinzell","description":"","url":"https:\/\/www.erzbistum-muenchen.de\/pfarrei\/pv-steinzell","telephone":"08709-94 383-0","email":"P&#102;a&#114;&#114;&#118;er&#98;&#97;&#110;&#100;.&#83;&#116;e&#105;&#110;&#122;ell&#64;&#101;&#98;mu&#99;.de","sameAs":"https:\/\/www.erzbistum-muenchen.de\/pfarrei\/pv-steinzell"},"performer":"Organization"}}