{"id":1112,"date":"2024-07-25T21:22:15","date_gmt":"2024-07-25T19:22:15","guid":{"rendered":"https:\/\/eichenlaub-haunwang.de\/?p=1112"},"modified":"2024-07-25T21:23:45","modified_gmt":"2024-07-25T19:23:45","slug":"haunwanger-dorffest-2024","status":"publish","type":"post","link":"https:\/\/eichenlaub-haunwang.de\/index.php\/2024\/07\/25\/haunwanger-dorffest-2024\/","title":{"rendered":"Haunwanger Dorffest 2024"},"content":{"rendered":"\n<p>Am 3. August 2024 ist es end\u00adlich wie\u00adder so weit: Das Haun\u00adwan\u00adger Dorf\u00adfest fin\u00addet statt! <br>Und das Bes\u00adte dar\u00adan? Die\u00adses Jahr fei\u00adern wir erst\u00adma\u00adlig an einem Sams\u00adtag! <br><br>Das bedeu\u00adtet mehr Zeit zum Fei\u00adern und weni\u00adger Stress am Sonn\u00adtag. <br>Die Feu\u00ader\u00adwehr Haun\u00adwang und die Eichen\u00adlaub\u00adsch\u00fct\u00adzen Haun\u00adwang laden alle herz\u00adlich ein, im Sch\u00fct\u00adzen\u00adhaus in Haun\u00adwang dabei zu sein.<\/p>\n\n\n<div class=\"wp-block-image\">\n<figure class=\"aligncenter size-large\"><img loading=\"lazy\" decoding=\"async\" width=\"724\" height=\"1024\" src=\"https:\/\/eichenlaub-haunwang.de\/wp-content\/uploads\/2024\/07\/Dorffest2024-724x1024.jpeg\" alt class=\"wp-image-1103\" srcset=\"https:\/\/eichenlaub-haunwang.de\/wp-content\/uploads\/2024\/07\/Dorffest2024-724x1024.jpeg 724w, https:\/\/eichenlaub-haunwang.de\/wp-content\/uploads\/2024\/07\/Dorffest2024-212x300.jpeg 212w, https:\/\/eichenlaub-haunwang.de\/wp-content\/uploads\/2024\/07\/Dorffest2024-768x1086.jpeg 768w, https:\/\/eichenlaub-haunwang.de\/wp-content\/uploads\/2024\/07\/Dorffest2024-1086x1536.jpeg 1086w, https:\/\/eichenlaub-haunwang.de\/wp-content\/uploads\/2024\/07\/Dorffest2024.jpeg 1132w\" sizes=\"auto, (max-width: 724px) 100vw, 724px\"><\/figure>\n<\/div>\n\n\n<h2 class=\"wp-block-heading\">Kulinarische Gen\u00fcsse<\/h2>\n\n\n\n<p>Freut euch auf lecke\u00adre Spei\u00adsen vom Grill, Fass\u00adbier und erfri\u00adschen\u00adde Getr\u00e4n\u00adke sowie Kaf\u00adfee und Kuchen. Ob herz\u00adhaft oder s\u00fc\u00df, hier ist f\u00fcr jeden etwas dabei.<\/p>\n\n\n\n<h2 class=\"wp-block-heading\">Spa\u00df f\u00fcr Gro\u00df und Klein<\/h2>\n\n\n\n<p>Das Dorf\u00adfest bie\u00adtet nicht nur kuli\u00adna\u00adri\u00adsche High\u00adlights, son\u00addern auch jede Men\u00adge Unter\u00adhal\u00adtung! F\u00fcr die Kin\u00adder gibt es eine H\u00fcpf\u00adburg, die zum Toben ein\u00adl\u00e4dt, sowie Bas\u00adte\u00adl\u00adan\u00adge\u00adbo\u00adte, die die Krea\u00adti\u00advi\u00adt\u00e4t anre\u00adgen. F\u00fcr die \u00e4lte\u00adren G\u00e4s\u00adte wird eine Bar bereit\u00adste\u00adhen, wo man sich bei einem k\u00fch\u00adlen Getr\u00e4nk ent\u00adspan\u00adnen kann. <\/p>\n\n\n\n<p>Und das ist noch nicht alles! Das Preis\u00adschie\u00ad\u00dfen f\u00fcr jeder\u00admann ab 12 Jah\u00adren ver\u00adspricht span\u00adnen\u00adde Wett\u00adbe\u00adwer\u00adbe und tol\u00adle Prei\u00adse. <br>Also, schnappt euch eure Freun\u00adde und zeigt euer K\u00f6n\u00adnen \u2013 viel\u00adleicht geht ihr als gl\u00fcck\u00adli\u00adcher Gewin\u00adner nach Hau\u00adse!<\/p>\n\n\n\n<h2 class=\"wp-block-heading\">Jeder ist Herzlich Willkommen<\/h2>\n\n\n\n<p>Die FF Haun\u00adwang sowie die Eichen\u00adlaub\u00adsch\u00fct\u00adzen Haun\u00adwang w\u00fcr\u00adden sich sehr freu\u00aden euch am 03. August begr\u00fc\u00ad\u00dfen zu d\u00fcr\u00adfen.<\/p>\n","protected":false},"excerpt":{"rendered":"<p>Am 3. August 2024 ist es end\u00adlich wie\u00adder so weit: Das Haun\u00adwan\u00adger Dorf\u00adfest fin\u00addet statt! Und das Bes\u00adte dar\u00adan? Die\u00adses Jahr fei\u00adern wir erst\u00adma\u00adlig an einem Sams\u00adtag! Das bedeu\u00adtet mehr [\u2026]<\/p>\n","protected":false},"author":1,"featured_media":1103,"comment_status":"open","ping_status":"open","sticky":false,"template":"","format":"standard","meta":{"_lmt_disableupdate":"","_lmt_disable":"","wp_typography_post_enhancements_disabled":false,"_EventAllDay":false,"_EventTimezone":"","_EventStartDate":"","_EventEndDate":"","_EventStartDateUTC":"","_EventEndDateUTC":"","_EventShowMap":false,"_EventShowMapLink":false,"_EventURL":"","_EventCost":"","_EventCostDescription":"","_EventCurrencySymbol":"","_EventCurrencyCode":"","_EventCurrencyPosition":"","_EventDateTimeSeparator":"","_EventTimeRangeSeparator":"","_EventOrganizerID":[],"_EventVenueID":[],"_OrganizerEmail":"","_OrganizerPhone":"","_OrganizerWebsite":"","_VenueAddress":"","_VenueCity":"","_VenueCountry":"","_VenueProvince":"","_VenueState":"","_VenueZip":"","_VenuePhone":"","_VenueURL":"","_VenueStateProvince":"","_VenueLat":"","_VenueLng":"","_VenueShowMap":false,"_VenueShowMapLink":false,"footnotes":""},"categories":[1],"tags":[54],"class_list":{"0":"post-1112","1":"post","2":"type-post","3":"status-publish","4":"format-standard","5":"has-post-thumbnail","7":"category-blog","8":"tag-dorffest","9":"czr-hentry"},"yoast_head":"<!-- This site is optimized with the Yoast SEO plugin v27.5 - https:\/\/yoast.com\/product\/yoast-seo-wordpress\/ -->\n<title>Haunwanger Dorffest 2024 - Eichenlaub Haunwang<\/title>\n<meta name=\"robots\" content=\"index, follow, max-snippet:-1, max-image-preview:large, max-video-preview:-1\" \/>\n<link rel=\"canonical\" href=\"https:\/\/eichenlaub-haunwang.de\/index.php\/2024\/07\/25\/haunwanger-dorffest-2024\/\" \/>\n<meta property=\"og:locale\" content=\"de_DE\" \/>\n<meta property=\"og:type\" content=\"article\" \/>\n<meta property=\"og:title\" content=\"Haunwanger Dorffest 2024 - Eichenlaub Haunwang\" \/>\n<meta property=\"og:description\" content=\"Am 3. August 2024 ist es end\u00adlich wie\u00adder so weit: Das Haun\u00adwan\u00adger Dorf\u00adfest fin\u00addet statt! Und das Bes\u00adte dar\u00adan? Die\u00adses Jahr fei\u00adern wir erst\u00adma\u00adlig an einem Sams\u00adtag! Das bedeu\u00adtet mehr [&hellip;]\" \/>\n<meta property=\"og:url\" content=\"https:\/\/eichenlaub-haunwang.de\/index.php\/2024\/07\/25\/haunwanger-dorffest-2024\/\" \/>\n<meta property=\"og:site_name\" content=\"Eichenlaub Haunwang\" \/>\n<meta property=\"article:published_time\" content=\"2024-07-25T19:22:15+00:00\" \/>\n<meta property=\"article:modified_time\" content=\"2024-07-25T19:23:45+00:00\" \/>\n<meta property=\"og:image\" content=\"https:\/\/eichenlaub-haunwang.de\/wp-content\/uploads\/2024\/07\/Dorffest2024.jpeg\" \/>\n\t<meta property=\"og:image:width\" content=\"1414\" \/>\n\t<meta property=\"og:image:height\" content=\"1999\" \/>\n\t<meta property=\"og:image:type\" content=\"image\/jpeg\" \/>\n<meta name=\"author\" content=\"eichenlaub-haunwang.com\" \/>\n<meta name=\"twitter:card\" content=\"summary_large_image\" \/>\n<meta name=\"twitter:label1\" content=\"Verfasst von\" \/>\n\t<meta name=\"twitter:data1\" content=\"eichenlaub-haunwang.com\" \/>\n\t<meta name=\"twitter:label2\" content=\"Gesch\u00e4tzte Lesezeit\" \/>\n\t<meta name=\"twitter:data2\" content=\"2\u00a0Minuten\" \/>\n<script type=\"application\/ld+json\" class=\"yoast-schema-graph\">{\"@context\":\"https:\\\/\\\/schema.org\",\"@graph\":[{\"@type\":\"Article\",\"@id\":\"https:\\\/\\\/eichenlaub-haunwang.de\\\/index.php\\\/2024\\\/07\\\/25\\\/haunwanger-dorffest-2024\\\/#article\",\"isPartOf\":{\"@id\":\"https:\\\/\\\/eichenlaub-haunwang.de\\\/index.php\\\/2024\\\/07\\\/25\\\/haunwanger-dorffest-2024\\\/\"},\"author\":{\"name\":\"eichenlaub-haunwang.com\",\"@id\":\"https:\\\/\\\/eichenlaub-haunwang.de\\\/#\\\/schema\\\/person\\\/6d18646812eccc50c957f74cb95c1954\"},\"headline\":\"Haunwanger Dorffest 2024\",\"datePublished\":\"2024-07-25T19:22:15+00:00\",\"dateModified\":\"2024-07-25T19:23:45+00:00\",\"mainEntityOfPage\":{\"@id\":\"https:\\\/\\\/eichenlaub-haunwang.de\\\/index.php\\\/2024\\\/07\\\/25\\\/haunwanger-dorffest-2024\\\/\"},\"wordCount\":212,\"commentCount\":0,\"publisher\":{\"@id\":\"https:\\\/\\\/eichenlaub-haunwang.de\\\/#organization\"},\"image\":{\"@id\":\"https:\\\/\\\/eichenlaub-haunwang.de\\\/index.php\\\/2024\\\/07\\\/25\\\/haunwanger-dorffest-2024\\\/#primaryimage\"},\"thumbnailUrl\":\"https:\\\/\\\/eichenlaub-haunwang.de\\\/wp-content\\\/uploads\\\/2024\\\/07\\\/Dorffest2024.jpeg\",\"keywords\":[\"Dorffest\"],\"articleSection\":[\"Blog\"],\"inLanguage\":\"de\",\"potentialAction\":[{\"@type\":\"CommentAction\",\"name\":\"Comment\",\"target\":[\"https:\\\/\\\/eichenlaub-haunwang.de\\\/index.php\\\/2024\\\/07\\\/25\\\/haunwanger-dorffest-2024\\\/#respond\"]}]},{\"@type\":\"WebPage\",\"@id\":\"https:\\\/\\\/eichenlaub-haunwang.de\\\/index.php\\\/2024\\\/07\\\/25\\\/haunwanger-dorffest-2024\\\/\",\"url\":\"https:\\\/\\\/eichenlaub-haunwang.de\\\/index.php\\\/2024\\\/07\\\/25\\\/haunwanger-dorffest-2024\\\/\",\"name\":\"Haunwanger Dorffest 2024 - Eichenlaub Haunwang\",\"isPartOf\":{\"@id\":\"https:\\\/\\\/eichenlaub-haunwang.de\\\/#website\"},\"primaryImageOfPage\":{\"@id\":\"https:\\\/\\\/eichenlaub-haunwang.de\\\/index.php\\\/2024\\\/07\\\/25\\\/haunwanger-dorffest-2024\\\/#primaryimage\"},\"image\":{\"@id\":\"https:\\\/\\\/eichenlaub-haunwang.de\\\/index.php\\\/2024\\\/07\\\/25\\\/haunwanger-dorffest-2024\\\/#primaryimage\"},\"thumbnailUrl\":\"https:\\\/\\\/eichenlaub-haunwang.de\\\/wp-content\\\/uploads\\\/2024\\\/07\\\/Dorffest2024.jpeg\",\"datePublished\":\"2024-07-25T19:22:15+00:00\",\"dateModified\":\"2024-07-25T19:23:45+00:00\",\"breadcrumb\":{\"@id\":\"https:\\\/\\\/eichenlaub-haunwang.de\\\/index.php\\\/2024\\\/07\\\/25\\\/haunwanger-dorffest-2024\\\/#breadcrumb\"},\"inLanguage\":\"de\",\"potentialAction\":[{\"@type\":\"ReadAction\",\"target\":[\"https:\\\/\\\/eichenlaub-haunwang.de\\\/index.php\\\/2024\\\/07\\\/25\\\/haunwanger-dorffest-2024\\\/\"]}]},{\"@type\":\"ImageObject\",\"inLanguage\":\"de\",\"@id\":\"https:\\\/\\\/eichenlaub-haunwang.de\\\/index.php\\\/2024\\\/07\\\/25\\\/haunwanger-dorffest-2024\\\/#primaryimage\",\"url\":\"https:\\\/\\\/eichenlaub-haunwang.de\\\/wp-content\\\/uploads\\\/2024\\\/07\\\/Dorffest2024.jpeg\",\"contentUrl\":\"https:\\\/\\\/eichenlaub-haunwang.de\\\/wp-content\\\/uploads\\\/2024\\\/07\\\/Dorffest2024.jpeg\",\"width\":1132,\"height\":1600},{\"@type\":\"BreadcrumbList\",\"@id\":\"https:\\\/\\\/eichenlaub-haunwang.de\\\/index.php\\\/2024\\\/07\\\/25\\\/haunwanger-dorffest-2024\\\/#breadcrumb\",\"itemListElement\":[{\"@type\":\"ListItem\",\"position\":1,\"name\":\"Startseite\",\"item\":\"https:\\\/\\\/eichenlaub-haunwang.de\\\/\"},{\"@type\":\"ListItem\",\"position\":2,\"name\":\"Haunwanger Dorffest 2024\"}]},{\"@type\":\"WebSite\",\"@id\":\"https:\\\/\\\/eichenlaub-haunwang.de\\\/#website\",\"url\":\"https:\\\/\\\/eichenlaub-haunwang.de\\\/\",\"name\":\"Eichenlaub Haunwang\",\"description\":\"gegr. 1950\",\"publisher\":{\"@id\":\"https:\\\/\\\/eichenlaub-haunwang.de\\\/#organization\"},\"potentialAction\":[{\"@type\":\"SearchAction\",\"target\":{\"@type\":\"EntryPoint\",\"urlTemplate\":\"https:\\\/\\\/eichenlaub-haunwang.de\\\/?s={search_term_string}\"},\"query-input\":{\"@type\":\"PropertyValueSpecification\",\"valueRequired\":true,\"valueName\":\"search_term_string\"}}],\"inLanguage\":\"de\"},{\"@type\":\"Organization\",\"@id\":\"https:\\\/\\\/eichenlaub-haunwang.de\\\/#organization\",\"name\":\"Eichenlaub Haunwang\",\"url\":\"https:\\\/\\\/eichenlaub-haunwang.de\\\/\",\"logo\":{\"@type\":\"ImageObject\",\"inLanguage\":\"de\",\"@id\":\"https:\\\/\\\/eichenlaub-haunwang.de\\\/#\\\/schema\\\/logo\\\/image\\\/\",\"url\":\"https:\\\/\\\/eichenlaub-haunwang.de\\\/wp-content\\\/uploads\\\/media\\\/template\\\/cropped-eh-wappen-aussen_transparent_small.png\",\"contentUrl\":\"https:\\\/\\\/eichenlaub-haunwang.de\\\/wp-content\\\/uploads\\\/media\\\/template\\\/cropped-eh-wappen-aussen_transparent_small.png\",\"width\":514,\"height\":554,\"caption\":\"Eichenlaub Haunwang\"},\"image\":{\"@id\":\"https:\\\/\\\/eichenlaub-haunwang.de\\\/#\\\/schema\\\/logo\\\/image\\\/\"}},{\"@type\":\"Person\",\"@id\":\"https:\\\/\\\/eichenlaub-haunwang.de\\\/#\\\/schema\\\/person\\\/6d18646812eccc50c957f74cb95c1954\",\"name\":\"eichenlaub-haunwang.com\",\"image\":{\"@type\":\"ImageObject\",\"inLanguage\":\"de\",\"@id\":\"https:\\\/\\\/secure.gravatar.com\\\/avatar\\\/649c17b7e0650dc611dc2b67b131b2bc92aeb27131c17cb48c7406f0c7ca2247?s=96&r=g\",\"url\":\"https:\\\/\\\/secure.gravatar.com\\\/avatar\\\/649c17b7e0650dc611dc2b67b131b2bc92aeb27131c17cb48c7406f0c7ca2247?s=96&r=g\",\"contentUrl\":\"https:\\\/\\\/secure.gravatar.com\\\/avatar\\\/649c17b7e0650dc611dc2b67b131b2bc92aeb27131c17cb48c7406f0c7ca2247?s=96&r=g\",\"caption\":\"eichenlaub-haunwang.com\"},\"sameAs\":[\"https:\\\/\\\/eichenlaub-haunwang.de\"],\"url\":\"https:\\\/\\\/eichenlaub-haunwang.de\\\/index.php\\\/author\\\/eichenlaub-haunwang-com\\\/\"}]}<\/script>\n<!-- \/ Yoast SEO plugin. -->","yoast_head_json":{"title":"Haunwanger Dorffest 2024 - Eichenlaub Haunwang","robots":{"index":"index","follow":"follow","max-snippet":"max-snippet:-1","max-image-preview":"max-image-preview:large","max-video-preview":"max-video-preview:-1"},"canonical":"https:\/\/eichenlaub-haunwang.de\/index.php\/2024\/07\/25\/haunwanger-dorffest-2024\/","og_locale":"de_DE","og_type":"article","og_title":"Haunwanger Dorffest 2024 - Eichenlaub Haunwang","og_description":"Am 3. August 2024 ist es end\u00adlich wie\u00adder so weit: Das Haun\u00adwan\u00adger Dorf\u00adfest fin\u00addet statt! Und das Bes\u00adte dar\u00adan? Die\u00adses Jahr fei\u00adern wir erst\u00adma\u00adlig an einem Sams\u00adtag! Das bedeu\u00adtet mehr [&hellip;]","og_url":"https:\/\/eichenlaub-haunwang.de\/index.php\/2024\/07\/25\/haunwanger-dorffest-2024\/","og_site_name":"Eichenlaub Haunwang","article_published_time":"2024-07-25T19:22:15+00:00","article_modified_time":"2024-07-25T19:23:45+00:00","og_image":[{"width":1414,"height":1999,"url":"https:\/\/eichenlaub-haunwang.de\/wp-content\/uploads\/2024\/07\/Dorffest2024.jpeg","type":"image\/jpeg"}],"author":"eichenlaub-haunwang.com","twitter_card":"summary_large_image","twitter_misc":{"Verfasst von":"eichenlaub-haunwang.com","Gesch\u00e4tzte Lesezeit":"2\u00a0Minuten"},"schema":{"@context":"https:\/\/schema.org","@graph":[{"@type":"Article","@id":"https:\/\/eichenlaub-haunwang.de\/index.php\/2024\/07\/25\/haunwanger-dorffest-2024\/#article","isPartOf":{"@id":"https:\/\/eichenlaub-haunwang.de\/index.php\/2024\/07\/25\/haunwanger-dorffest-2024\/"},"author":{"name":"eichenlaub-haunwang.com","@id":"https:\/\/eichenlaub-haunwang.de\/#\/schema\/person\/6d18646812eccc50c957f74cb95c1954"},"headline":"Haunwanger Dorffest 2024","datePublished":"2024-07-25T19:22:15+00:00","dateModified":"2024-07-25T19:23:45+00:00","mainEntityOfPage":{"@id":"https:\/\/eichenlaub-haunwang.de\/index.php\/2024\/07\/25\/haunwanger-dorffest-2024\/"},"wordCount":212,"commentCount":0,"publisher":{"@id":"https:\/\/eichenlaub-haunwang.de\/#organization"},"image":{"@id":"https:\/\/eichenlaub-haunwang.de\/index.php\/2024\/07\/25\/haunwanger-dorffest-2024\/#primaryimage"},"thumbnailUrl":"https:\/\/eichenlaub-haunwang.de\/wp-content\/uploads\/2024\/07\/Dorffest2024.jpeg","keywords":["Dorffest"],"articleSection":["Blog"],"inLanguage":"de","potentialAction":[{"@type":"CommentAction","name":"Comment","target":["https:\/\/eichenlaub-haunwang.de\/index.php\/2024\/07\/25\/haunwanger-dorffest-2024\/#respond"]}]},{"@type":"WebPage","@id":"https:\/\/eichenlaub-haunwang.de\/index.php\/2024\/07\/25\/haunwanger-dorffest-2024\/","url":"https:\/\/eichenlaub-haunwang.de\/index.php\/2024\/07\/25\/haunwanger-dorffest-2024\/","name":"Haunwanger Dorffest 2024 - Eichenlaub Haunwang","isPartOf":{"@id":"https:\/\/eichenlaub-haunwang.de\/#website"},"primaryImageOfPage":{"@id":"https:\/\/eichenlaub-haunwang.de\/index.php\/2024\/07\/25\/haunwanger-dorffest-2024\/#primaryimage"},"image":{"@id":"https:\/\/eichenlaub-haunwang.de\/index.php\/2024\/07\/25\/haunwanger-dorffest-2024\/#primaryimage"},"thumbnailUrl":"https:\/\/eichenlaub-haunwang.de\/wp-content\/uploads\/2024\/07\/Dorffest2024.jpeg","datePublished":"2024-07-25T19:22:15+00:00","dateModified":"2024-07-25T19:23:45+00:00","breadcrumb":{"@id":"https:\/\/eichenlaub-haunwang.de\/index.php\/2024\/07\/25\/haunwanger-dorffest-2024\/#breadcrumb"},"inLanguage":"de","potentialAction":[{"@type":"ReadAction","target":["https:\/\/eichenlaub-haunwang.de\/index.php\/2024\/07\/25\/haunwanger-dorffest-2024\/"]}]},{"@type":"ImageObject","inLanguage":"de","@id":"https:\/\/eichenlaub-haunwang.de\/index.php\/2024\/07\/25\/haunwanger-dorffest-2024\/#primaryimage","url":"https:\/\/eichenlaub-haunwang.de\/wp-content\/uploads\/2024\/07\/Dorffest2024.jpeg","contentUrl":"https:\/\/eichenlaub-haunwang.de\/wp-content\/uploads\/2024\/07\/Dorffest2024.jpeg","width":1132,"height":1600},{"@type":"BreadcrumbList","@id":"https:\/\/eichenlaub-haunwang.de\/index.php\/2024\/07\/25\/haunwanger-dorffest-2024\/#breadcrumb","itemListElement":[{"@type":"ListItem","position":1,"name":"Startseite","item":"https:\/\/eichenlaub-haunwang.de\/"},{"@type":"ListItem","position":2,"name":"Haunwanger Dorffest 2024"}]},{"@type":"WebSite","@id":"https:\/\/eichenlaub-haunwang.de\/#website","url":"https:\/\/eichenlaub-haunwang.de\/","name":"Eichenlaub Haunwang","description":"gegr. 1950","publisher":{"@id":"https:\/\/eichenlaub-haunwang.de\/#organization"},"potentialAction":[{"@type":"SearchAction","target":{"@type":"EntryPoint","urlTemplate":"https:\/\/eichenlaub-haunwang.de\/?s={search_term_string}"},"query-input":{"@type":"PropertyValueSpecification","valueRequired":true,"valueName":"search_term_string"}}],"inLanguage":"de"},{"@type":"Organization","@id":"https:\/\/eichenlaub-haunwang.de\/#organization","name":"Eichenlaub Haunwang","url":"https:\/\/eichenlaub-haunwang.de\/","logo":{"@type":"ImageObject","inLanguage":"de","@id":"https:\/\/eichenlaub-haunwang.de\/#\/schema\/logo\/image\/","url":"https:\/\/eichenlaub-haunwang.de\/wp-content\/uploads\/media\/template\/cropped-eh-wappen-aussen_transparent_small.png","contentUrl":"https:\/\/eichenlaub-haunwang.de\/wp-content\/uploads\/media\/template\/cropped-eh-wappen-aussen_transparent_small.png","width":514,"height":554,"caption":"Eichenlaub Haunwang"},"image":{"@id":"https:\/\/eichenlaub-haunwang.de\/#\/schema\/logo\/image\/"}},{"@type":"Person","@id":"https:\/\/eichenlaub-haunwang.de\/#\/schema\/person\/6d18646812eccc50c957f74cb95c1954","name":"eichenlaub-haunwang.com","image":{"@type":"ImageObject","inLanguage":"de","@id":"https:\/\/secure.gravatar.com\/avatar\/649c17b7e0650dc611dc2b67b131b2bc92aeb27131c17cb48c7406f0c7ca2247?s=96&r=g","url":"https:\/\/secure.gravatar.com\/avatar\/649c17b7e0650dc611dc2b67b131b2bc92aeb27131c17cb48c7406f0c7ca2247?s=96&r=g","contentUrl":"https:\/\/secure.gravatar.com\/avatar\/649c17b7e0650dc611dc2b67b131b2bc92aeb27131c17cb48c7406f0c7ca2247?s=96&r=g","caption":"eichenlaub-haunwang.com"},"sameAs":["https:\/\/eichenlaub-haunwang.de"],"url":"https:\/\/eichenlaub-haunwang.de\/index.php\/author\/eichenlaub-haunwang-com\/"}]}},"modified_by":"eichenlaub-haunwang.com","_links":{"self":[{"href":"https:\/\/eichenlaub-haunwang.de\/index.php\/wp-json\/wp\/v2\/posts\/1112","targetHints":{"allow":["GET"]}}],"collection":[{"href":"https:\/\/eichenlaub-haunwang.de\/index.php\/wp-json\/wp\/v2\/posts"}],"about":[{"href":"https:\/\/eichenlaub-haunwang.de\/index.php\/wp-json\/wp\/v2\/types\/post"}],"author":[{"embeddable":true,"href":"https:\/\/eichenlaub-haunwang.de\/index.php\/wp-json\/wp\/v2\/users\/1"}],"replies":[{"embeddable":true,"href":"https:\/\/eichenlaub-haunwang.de\/index.php\/wp-json\/wp\/v2\/comments?post=1112"}],"version-history":[{"count":2,"href":"https:\/\/eichenlaub-haunwang.de\/index.php\/wp-json\/wp\/v2\/posts\/1112\/revisions"}],"predecessor-version":[{"id":1114,"href":"https:\/\/eichenlaub-haunwang.de\/index.php\/wp-json\/wp\/v2\/posts\/1112\/revisions\/1114"}],"wp:featuredmedia":[{"embeddable":true,"href":"https:\/\/eichenlaub-haunwang.de\/index.php\/wp-json\/wp\/v2\/media\/1103"}],"wp:attachment":[{"href":"https:\/\/eichenlaub-haunwang.de\/index.php\/wp-json\/wp\/v2\/media?parent=1112"}],"wp:term":[{"taxonomy":"category","embeddable":true,"href":"https:\/\/eichenlaub-haunwang.de\/index.php\/wp-json\/wp\/v2\/categories?post=1112"},{"taxonomy":"post_tag","embeddable":true,"href":"https:\/\/eichenlaub-haunwang.de\/index.php\/wp-json\/wp\/v2\/tags?post=1112"}],"curies":[{"name":"wp","href":"https:\/\/api.w.org\/{rel}","templated":true}]}}