{"id":1115,"date":"2024-07-31T21:46:35","date_gmt":"2024-07-31T19:46:35","guid":{"rendered":"https:\/\/eichenlaub-haunwang.de\/?p=1115"},"modified":"2024-08-15T11:03:04","modified_gmt":"2024-08-15T09:03:04","slug":"oktoberfest-und-oktoberfest-landesschiessen-2024","status":"publish","type":"post","link":"https:\/\/eichenlaub-haunwang.de\/index.php\/2024\/07\/31\/oktoberfest-und-oktoberfest-landesschiessen-2024\/","title":{"rendered":"Oktoberfest und Oktoberfest Landesschiessen 2024"},"content":{"rendered":"\n<p><strong>Update: Auf\u00adgrund einer zu gerin\u00adgen Teil\u00adneh\u00admer\u00adzahl m\u00fcs\u00adsen wir den Ter\u00admin lei\u00adder absa\u00adgen.<\/strong><\/p>\n\n\n\n<p>Ser\u00advus,<br>die Eichen\u00adlaub\u00adsch\u00fct\u00adzen Haun\u00adwang fah\u00adren zum Okto\u00adber\u00adfest Lan\u00addes\u00adschies\u00adsen 2024. <br>Das gr\u00f6\u00df\u00adte Volks\u00adfest der Welt und ein span\u00adnen\u00adder Wett\u00adbe\u00adwerb mit tol\u00adlen Prei\u00adsen war\u00adtet auf Dich \u2014 sei dabei ger\u00adne auch mit Part\u00adner!<\/p>\n\n\n\n<p>Am&nbsp;<strong>03.10.2024<\/strong>&nbsp;hei\u00dft es \u201cAb auf die The\u00adre\u00adsi\u00aden\u00adwie\u00adse!\u201d beim&nbsp;<a href=\"https:\/\/www.dsb.de\/schiesssport\/sport\/breitensport\/oktoberfestschiessen\/\" target=\"_blank\" rel=\"noreferrer noopener\">Okto\u00adber\u00adfest-Lan\u00addes\u00adschie\u00ad\u00dfen 2024<\/a>&nbsp;(Anmel\u00addung&nbsp;<a href=\"https:\/\/eichenlaub-haunwang.de\/index.php\/event\/oktoberfest-landesschiessen-2024\/\" target=\"_blank\" rel=\"noreferrer noopener\">hier<\/a>).&nbsp;<br>Wir fah\u00adren vor\u00adaus\u00adsicht\u00adlich mit dem Bus zum Fest\u00adge\u00adl\u00e4n\u00adde, (anders wirds auch mit der sport\u00adli\u00adchen Aus\u00adr\u00fcs\u00adtung schwie\u00adrig).<\/p>\n\n\n\n<figure class=\"wp-block-image size-large\"><img loading=\"lazy\" decoding=\"async\" width=\"1024\" height=\"576\" src=\"https:\/\/eichenlaub-haunwang.de\/wp-content\/uploads\/2024\/06\/schuetzenzelt-1024x576.jpg\" alt class=\"wp-image-1029\" srcset=\"https:\/\/eichenlaub-haunwang.de\/wp-content\/uploads\/2024\/06\/schuetzenzelt-1024x576.jpg 1024w, https:\/\/eichenlaub-haunwang.de\/wp-content\/uploads\/2024\/06\/schuetzenzelt-300x169.jpg 300w, https:\/\/eichenlaub-haunwang.de\/wp-content\/uploads\/2024\/06\/schuetzenzelt-768x432.jpg 768w, https:\/\/eichenlaub-haunwang.de\/wp-content\/uploads\/2024\/06\/schuetzenzelt-1110x624.jpg 1110w, https:\/\/eichenlaub-haunwang.de\/wp-content\/uploads\/2024\/06\/schuetzenzelt-528x297.jpg 528w, https:\/\/eichenlaub-haunwang.de\/wp-content\/uploads\/2024\/06\/schuetzenzelt.jpg 1280w\" sizes=\"auto, (max-width: 1024px) 100vw, 1024px\"><\/figure>\n\n\n\n<p>Sichert euch jetzt einen der min. 20 reser\u00advier\u00adten Pl\u00e4t\u00adze im Sch\u00fct\u00adzen\u00adzelt!<br>Exklu\u00adsiv f\u00fcr uns ste\u00adhen von 11:00 bis 17:30 Uhr 20 Pl\u00e4t\u00adze auf der Gale\u00adrie-Ost im Sch\u00fct\u00adzen\u00adzelt zur Ver\u00adf\u00fc\u00adgung.&nbsp;<br>Um die Reser\u00advie\u00adrung wahr\u00adneh\u00admen zu k\u00f6n\u00adnen, ben\u00f6\u00adti\u00adgen wir aller\u00addings min\u00addes\u00adtens 10 Teil\u00adneh\u00admer beim Okto\u00adber\u00adfest Lan\u00addes\u00adschie\u00ad\u00dfen.<\/p>\n\n\n\n<p>Seid gespannt und mel\u00addet euch recht\u00adzei\u00adtig an, um bei die\u00adsem beson\u00adde\u00adren Event dabei zu sein!<\/p>\n\n\n\n<h2 class=\"wp-block-heading\">Infos zum Wettbewerb<\/h2>\n\n\n\n<p>Beim Okto\u00adber\u00adfest-Lan\u00addes\u00adschie\u00ad\u00dfen k\u00f6nnt ihr eure Treff\u00adsi\u00adcher\u00adheit unter Beweis stel\u00adlen.&nbsp;Geschos\u00adsen wird mit&nbsp;<strong>Luft\u00adge\u00adwehr und Auf\u00adla\u00adge<\/strong>. Die Dis\u00adzi\u00adpli\u00adnen und Wer\u00adtungs\u00adklas\u00adsen wer\u00adden in K\u00fcr\u00adze bekannt\u00adge\u00adge\u00adben.<\/p>\n\n\n\n<p>Das Okto\u00adber\u00adfest-Lan\u00addes\u00adschie\u00ad\u00dfen ist etwas ganz Beson\u00adde\u00adres. Die Mischung aus einer Meis\u00adter\u00adschaft und einem Preis\u00adschie\u00ad\u00dfen macht das 1896 erst\u00admals aus\u00adge\u00adtra\u00adge\u00adne Frei\u00adschie\u00ad\u00dfen zum wohl belieb\u00adtes\u00adten Bun\u00addes- bzw. Ver\u00adbands\u00adschie\u00ad\u00dfen. Es geht um viel: Geld- und Sach\u00adprei\u00adse im Gesamt\u00adwert&nbsp;<strong>von \u00fcber 70.000,- Euro<\/strong>&nbsp;gibt es zu gewin\u00adnen. Aber der wert\u00advolls\u00adte Preis ist mit Geld nicht auf\u00adzu\u00adwie\u00adgen. Denn beim Okto\u00adber\u00adfest-Lan\u00addes\u00adschie\u00ad\u00dfen wer\u00adden auch die Lan\u00addes\u00adsch\u00fct\u00adzen\u00adk\u00f6\u00adni\u00adge ermit\u00adtelt. Tra\u00addi\u00adtio\u00adnell ste\u00adhen die Pro\u00adkla\u00adma\u00adti\u00adon und die anschlie\u00ad\u00dfen\u00adde Vor\u00adstel\u00adlung am Ende der Wiesn und beschlie\u00ad\u00dfen das gr\u00f6\u00df\u00adte Volks\u00adfest der Welt. Im Jahr 2022 wur\u00adde das Okto\u00adber\u00adfest-Lan\u00addes\u00adschie\u00ad\u00dfen zusam\u00admen mit dem Okto\u00adber\u00adfest-Arm\u00adbrust-Lan\u00addes\u00adschie\u00ad\u00dfen per Minis\u00adter\u00adrats\u00adbe\u00adschluss in das Lan\u00addes\u00adver\u00adzeich\u00adnis \u201cImma\u00adte\u00adri\u00adel\u00adles Kul\u00adtur\u00ader\u00adbe Bay\u00adern\u201d auf\u00adge\u00adnom\u00admen.<\/p>\n","protected":false},"excerpt":{"rendered":"<p>Update: Auf\u00adgrund einer zu gerin\u00adgen Teil\u00adneh\u00admer\u00adzahl m\u00fcs\u00adsen wir den Ter\u00admin lei\u00adder absa\u00adgen. Ser\u00advus,die Eichen\u00adlaub\u00adsch\u00fct\u00adzen Haun\u00adwang fah\u00adren zum Okto\u00adber\u00adfest Lan\u00addes\u00adschies\u00adsen 2024. Das gr\u00f6\u00df\u00adte Volks\u00adfest der Welt und ein span\u00adnen\u00adder Wett\u00adbe\u00adwerb mit [\u2026]<\/p>\n","protected":false},"author":1,"featured_media":1029,"comment_status":"open","ping_status":"open","sticky":false,"template":"","format":"standard","meta":{"_lmt_disableupdate":"","_lmt_disable":"","wp_typography_post_enhancements_disabled":false,"_EventAllDay":false,"_EventTimezone":"","_EventStartDate":"","_EventEndDate":"","_EventStartDateUTC":"","_EventEndDateUTC":"","_EventShowMap":false,"_EventShowMapLink":false,"_EventURL":"","_EventCost":"","_EventCostDescription":"","_EventCurrencySymbol":"","_EventCurrencyCode":"","_EventCurrencyPosition":"","_EventDateTimeSeparator":"","_EventTimeRangeSeparator":"","_EventOrganizerID":[],"_EventVenueID":[],"_OrganizerEmail":"","_OrganizerPhone":"","_OrganizerWebsite":"","_VenueAddress":"","_VenueCity":"","_VenueCountry":"","_VenueProvince":"","_VenueState":"","_VenueZip":"","_VenuePhone":"","_VenueURL":"","_VenueStateProvince":"","_VenueLat":"","_VenueLng":"","_VenueShowMap":false,"_VenueShowMapLink":false,"footnotes":""},"categories":[1],"tags":[55],"class_list":{"0":"post-1115","1":"post","2":"type-post","3":"status-publish","4":"format-standard","5":"has-post-thumbnail","7":"category-blog","8":"tag-oktoberfest","9":"czr-hentry"},"yoast_head":"<!-- This site is optimized with the Yoast SEO plugin v27.5 - https:\/\/yoast.com\/product\/yoast-seo-wordpress\/ -->\n<title>Oktoberfest und Oktoberfest Landesschiessen 2024 - Eichenlaub Haunwang<\/title>\n<meta name=\"robots\" content=\"index, follow, max-snippet:-1, max-image-preview:large, max-video-preview:-1\" \/>\n<link rel=\"canonical\" href=\"https:\/\/eichenlaub-haunwang.de\/index.php\/2024\/07\/31\/oktoberfest-und-oktoberfest-landesschiessen-2024\/\" \/>\n<meta property=\"og:locale\" content=\"de_DE\" \/>\n<meta property=\"og:type\" content=\"article\" \/>\n<meta property=\"og:title\" content=\"Oktoberfest und Oktoberfest Landesschiessen 2024 - Eichenlaub Haunwang\" \/>\n<meta property=\"og:description\" content=\"Update: Auf\u00adgrund einer zu gerin\u00adgen Teil\u00adneh\u00admer\u00adzahl m\u00fcs\u00adsen wir den Ter\u00admin lei\u00adder absa\u00adgen. Ser\u00advus,die Eichen\u00adlaub\u00adsch\u00fct\u00adzen Haun\u00adwang fah\u00adren zum Okto\u00adber\u00adfest Lan\u00addes\u00adschies\u00adsen 2024. Das gr\u00f6\u00df\u00adte Volks\u00adfest der Welt und ein span\u00adnen\u00adder Wett\u00adbe\u00adwerb mit [&hellip;]\" \/>\n<meta property=\"og:url\" content=\"https:\/\/eichenlaub-haunwang.de\/index.php\/2024\/07\/31\/oktoberfest-und-oktoberfest-landesschiessen-2024\/\" \/>\n<meta property=\"og:site_name\" content=\"Eichenlaub Haunwang\" \/>\n<meta property=\"article:published_time\" content=\"2024-07-31T19:46:35+00:00\" \/>\n<meta property=\"article:modified_time\" content=\"2024-08-15T09:03:04+00:00\" \/>\n<meta property=\"og:image\" content=\"https:\/\/eichenlaub-haunwang.de\/wp-content\/uploads\/2024\/06\/schuetzenzelt.jpg\" \/>\n\t<meta property=\"og:image:width\" content=\"1280\" \/>\n\t<meta property=\"og:image:height\" content=\"720\" \/>\n\t<meta property=\"og:image:type\" content=\"image\/jpeg\" \/>\n<meta name=\"author\" content=\"eichenlaub-haunwang.com\" \/>\n<meta name=\"twitter:card\" content=\"summary_large_image\" \/>\n<meta name=\"twitter:label1\" content=\"Verfasst von\" \/>\n\t<meta name=\"twitter:data1\" content=\"eichenlaub-haunwang.com\" \/>\n\t<meta name=\"twitter:label2\" content=\"Gesch\u00e4tzte Lesezeit\" \/>\n\t<meta name=\"twitter:data2\" content=\"2\u00a0Minuten\" \/>\n<script type=\"application\/ld+json\" class=\"yoast-schema-graph\">{\"@context\":\"https:\\\/\\\/schema.org\",\"@graph\":[{\"@type\":\"Article\",\"@id\":\"https:\\\/\\\/eichenlaub-haunwang.de\\\/index.php\\\/2024\\\/07\\\/31\\\/oktoberfest-und-oktoberfest-landesschiessen-2024\\\/#article\",\"isPartOf\":{\"@id\":\"https:\\\/\\\/eichenlaub-haunwang.de\\\/index.php\\\/2024\\\/07\\\/31\\\/oktoberfest-und-oktoberfest-landesschiessen-2024\\\/\"},\"author\":{\"name\":\"eichenlaub-haunwang.com\",\"@id\":\"https:\\\/\\\/eichenlaub-haunwang.de\\\/#\\\/schema\\\/person\\\/6d18646812eccc50c957f74cb95c1954\"},\"headline\":\"Oktoberfest und Oktoberfest Landesschiessen 2024\",\"datePublished\":\"2024-07-31T19:46:35+00:00\",\"dateModified\":\"2024-08-15T09:03:04+00:00\",\"mainEntityOfPage\":{\"@id\":\"https:\\\/\\\/eichenlaub-haunwang.de\\\/index.php\\\/2024\\\/07\\\/31\\\/oktoberfest-und-oktoberfest-landesschiessen-2024\\\/\"},\"wordCount\":291,\"commentCount\":0,\"publisher\":{\"@id\":\"https:\\\/\\\/eichenlaub-haunwang.de\\\/#organization\"},\"image\":{\"@id\":\"https:\\\/\\\/eichenlaub-haunwang.de\\\/index.php\\\/2024\\\/07\\\/31\\\/oktoberfest-und-oktoberfest-landesschiessen-2024\\\/#primaryimage\"},\"thumbnailUrl\":\"https:\\\/\\\/eichenlaub-haunwang.de\\\/wp-content\\\/uploads\\\/2024\\\/06\\\/schuetzenzelt.jpg\",\"keywords\":[\"Oktoberfest\"],\"articleSection\":[\"Blog\"],\"inLanguage\":\"de\",\"potentialAction\":[{\"@type\":\"CommentAction\",\"name\":\"Comment\",\"target\":[\"https:\\\/\\\/eichenlaub-haunwang.de\\\/index.php\\\/2024\\\/07\\\/31\\\/oktoberfest-und-oktoberfest-landesschiessen-2024\\\/#respond\"]}]},{\"@type\":\"WebPage\",\"@id\":\"https:\\\/\\\/eichenlaub-haunwang.de\\\/index.php\\\/2024\\\/07\\\/31\\\/oktoberfest-und-oktoberfest-landesschiessen-2024\\\/\",\"url\":\"https:\\\/\\\/eichenlaub-haunwang.de\\\/index.php\\\/2024\\\/07\\\/31\\\/oktoberfest-und-oktoberfest-landesschiessen-2024\\\/\",\"name\":\"Oktoberfest und Oktoberfest Landesschiessen 2024 - Eichenlaub Haunwang\",\"isPartOf\":{\"@id\":\"https:\\\/\\\/eichenlaub-haunwang.de\\\/#website\"},\"primaryImageOfPage\":{\"@id\":\"https:\\\/\\\/eichenlaub-haunwang.de\\\/index.php\\\/2024\\\/07\\\/31\\\/oktoberfest-und-oktoberfest-landesschiessen-2024\\\/#primaryimage\"},\"image\":{\"@id\":\"https:\\\/\\\/eichenlaub-haunwang.de\\\/index.php\\\/2024\\\/07\\\/31\\\/oktoberfest-und-oktoberfest-landesschiessen-2024\\\/#primaryimage\"},\"thumbnailUrl\":\"https:\\\/\\\/eichenlaub-haunwang.de\\\/wp-content\\\/uploads\\\/2024\\\/06\\\/schuetzenzelt.jpg\",\"datePublished\":\"2024-07-31T19:46:35+00:00\",\"dateModified\":\"2024-08-15T09:03:04+00:00\",\"breadcrumb\":{\"@id\":\"https:\\\/\\\/eichenlaub-haunwang.de\\\/index.php\\\/2024\\\/07\\\/31\\\/oktoberfest-und-oktoberfest-landesschiessen-2024\\\/#breadcrumb\"},\"inLanguage\":\"de\",\"potentialAction\":[{\"@type\":\"ReadAction\",\"target\":[\"https:\\\/\\\/eichenlaub-haunwang.de\\\/index.php\\\/2024\\\/07\\\/31\\\/oktoberfest-und-oktoberfest-landesschiessen-2024\\\/\"]}]},{\"@type\":\"ImageObject\",\"inLanguage\":\"de\",\"@id\":\"https:\\\/\\\/eichenlaub-haunwang.de\\\/index.php\\\/2024\\\/07\\\/31\\\/oktoberfest-und-oktoberfest-landesschiessen-2024\\\/#primaryimage\",\"url\":\"https:\\\/\\\/eichenlaub-haunwang.de\\\/wp-content\\\/uploads\\\/2024\\\/06\\\/schuetzenzelt.jpg\",\"contentUrl\":\"https:\\\/\\\/eichenlaub-haunwang.de\\\/wp-content\\\/uploads\\\/2024\\\/06\\\/schuetzenzelt.jpg\",\"width\":1280,\"height\":720},{\"@type\":\"BreadcrumbList\",\"@id\":\"https:\\\/\\\/eichenlaub-haunwang.de\\\/index.php\\\/2024\\\/07\\\/31\\\/oktoberfest-und-oktoberfest-landesschiessen-2024\\\/#breadcrumb\",\"itemListElement\":[{\"@type\":\"ListItem\",\"position\":1,\"name\":\"Startseite\",\"item\":\"https:\\\/\\\/eichenlaub-haunwang.de\\\/\"},{\"@type\":\"ListItem\",\"position\":2,\"name\":\"Oktoberfest und Oktoberfest Landesschiessen 2024\"}]},{\"@type\":\"WebSite\",\"@id\":\"https:\\\/\\\/eichenlaub-haunwang.de\\\/#website\",\"url\":\"https:\\\/\\\/eichenlaub-haunwang.de\\\/\",\"name\":\"Eichenlaub Haunwang\",\"description\":\"gegr. 1950\",\"publisher\":{\"@id\":\"https:\\\/\\\/eichenlaub-haunwang.de\\\/#organization\"},\"potentialAction\":[{\"@type\":\"SearchAction\",\"target\":{\"@type\":\"EntryPoint\",\"urlTemplate\":\"https:\\\/\\\/eichenlaub-haunwang.de\\\/?s={search_term_string}\"},\"query-input\":{\"@type\":\"PropertyValueSpecification\",\"valueRequired\":true,\"valueName\":\"search_term_string\"}}],\"inLanguage\":\"de\"},{\"@type\":\"Organization\",\"@id\":\"https:\\\/\\\/eichenlaub-haunwang.de\\\/#organization\",\"name\":\"Eichenlaub Haunwang\",\"url\":\"https:\\\/\\\/eichenlaub-haunwang.de\\\/\",\"logo\":{\"@type\":\"ImageObject\",\"inLanguage\":\"de\",\"@id\":\"https:\\\/\\\/eichenlaub-haunwang.de\\\/#\\\/schema\\\/logo\\\/image\\\/\",\"url\":\"https:\\\/\\\/eichenlaub-haunwang.de\\\/wp-content\\\/uploads\\\/media\\\/template\\\/cropped-eh-wappen-aussen_transparent_small.png\",\"contentUrl\":\"https:\\\/\\\/eichenlaub-haunwang.de\\\/wp-content\\\/uploads\\\/media\\\/template\\\/cropped-eh-wappen-aussen_transparent_small.png\",\"width\":514,\"height\":554,\"caption\":\"Eichenlaub Haunwang\"},\"image\":{\"@id\":\"https:\\\/\\\/eichenlaub-haunwang.de\\\/#\\\/schema\\\/logo\\\/image\\\/\"}},{\"@type\":\"Person\",\"@id\":\"https:\\\/\\\/eichenlaub-haunwang.de\\\/#\\\/schema\\\/person\\\/6d18646812eccc50c957f74cb95c1954\",\"name\":\"eichenlaub-haunwang.com\",\"image\":{\"@type\":\"ImageObject\",\"inLanguage\":\"de\",\"@id\":\"https:\\\/\\\/secure.gravatar.com\\\/avatar\\\/649c17b7e0650dc611dc2b67b131b2bc92aeb27131c17cb48c7406f0c7ca2247?s=96&r=g\",\"url\":\"https:\\\/\\\/secure.gravatar.com\\\/avatar\\\/649c17b7e0650dc611dc2b67b131b2bc92aeb27131c17cb48c7406f0c7ca2247?s=96&r=g\",\"contentUrl\":\"https:\\\/\\\/secure.gravatar.com\\\/avatar\\\/649c17b7e0650dc611dc2b67b131b2bc92aeb27131c17cb48c7406f0c7ca2247?s=96&r=g\",\"caption\":\"eichenlaub-haunwang.com\"},\"sameAs\":[\"https:\\\/\\\/eichenlaub-haunwang.de\"],\"url\":\"https:\\\/\\\/eichenlaub-haunwang.de\\\/index.php\\\/author\\\/eichenlaub-haunwang-com\\\/\"}]}<\/script>\n<!-- \/ Yoast SEO plugin. -->","yoast_head_json":{"title":"Oktoberfest und Oktoberfest Landesschiessen 2024 - Eichenlaub Haunwang","robots":{"index":"index","follow":"follow","max-snippet":"max-snippet:-1","max-image-preview":"max-image-preview:large","max-video-preview":"max-video-preview:-1"},"canonical":"https:\/\/eichenlaub-haunwang.de\/index.php\/2024\/07\/31\/oktoberfest-und-oktoberfest-landesschiessen-2024\/","og_locale":"de_DE","og_type":"article","og_title":"Oktoberfest und Oktoberfest Landesschiessen 2024 - Eichenlaub Haunwang","og_description":"Update: Auf\u00adgrund einer zu gerin\u00adgen Teil\u00adneh\u00admer\u00adzahl m\u00fcs\u00adsen wir den Ter\u00admin lei\u00adder absa\u00adgen. Ser\u00advus,die Eichen\u00adlaub\u00adsch\u00fct\u00adzen Haun\u00adwang fah\u00adren zum Okto\u00adber\u00adfest Lan\u00addes\u00adschies\u00adsen 2024. Das gr\u00f6\u00df\u00adte Volks\u00adfest der Welt und ein span\u00adnen\u00adder Wett\u00adbe\u00adwerb mit [&hellip;]","og_url":"https:\/\/eichenlaub-haunwang.de\/index.php\/2024\/07\/31\/oktoberfest-und-oktoberfest-landesschiessen-2024\/","og_site_name":"Eichenlaub Haunwang","article_published_time":"2024-07-31T19:46:35+00:00","article_modified_time":"2024-08-15T09:03:04+00:00","og_image":[{"width":1280,"height":720,"url":"https:\/\/eichenlaub-haunwang.de\/wp-content\/uploads\/2024\/06\/schuetzenzelt.jpg","type":"image\/jpeg"}],"author":"eichenlaub-haunwang.com","twitter_card":"summary_large_image","twitter_misc":{"Verfasst von":"eichenlaub-haunwang.com","Gesch\u00e4tzte Lesezeit":"2\u00a0Minuten"},"schema":{"@context":"https:\/\/schema.org","@graph":[{"@type":"Article","@id":"https:\/\/eichenlaub-haunwang.de\/index.php\/2024\/07\/31\/oktoberfest-und-oktoberfest-landesschiessen-2024\/#article","isPartOf":{"@id":"https:\/\/eichenlaub-haunwang.de\/index.php\/2024\/07\/31\/oktoberfest-und-oktoberfest-landesschiessen-2024\/"},"author":{"name":"eichenlaub-haunwang.com","@id":"https:\/\/eichenlaub-haunwang.de\/#\/schema\/person\/6d18646812eccc50c957f74cb95c1954"},"headline":"Oktoberfest und Oktoberfest Landesschiessen 2024","datePublished":"2024-07-31T19:46:35+00:00","dateModified":"2024-08-15T09:03:04+00:00","mainEntityOfPage":{"@id":"https:\/\/eichenlaub-haunwang.de\/index.php\/2024\/07\/31\/oktoberfest-und-oktoberfest-landesschiessen-2024\/"},"wordCount":291,"commentCount":0,"publisher":{"@id":"https:\/\/eichenlaub-haunwang.de\/#organization"},"image":{"@id":"https:\/\/eichenlaub-haunwang.de\/index.php\/2024\/07\/31\/oktoberfest-und-oktoberfest-landesschiessen-2024\/#primaryimage"},"thumbnailUrl":"https:\/\/eichenlaub-haunwang.de\/wp-content\/uploads\/2024\/06\/schuetzenzelt.jpg","keywords":["Oktoberfest"],"articleSection":["Blog"],"inLanguage":"de","potentialAction":[{"@type":"CommentAction","name":"Comment","target":["https:\/\/eichenlaub-haunwang.de\/index.php\/2024\/07\/31\/oktoberfest-und-oktoberfest-landesschiessen-2024\/#respond"]}]},{"@type":"WebPage","@id":"https:\/\/eichenlaub-haunwang.de\/index.php\/2024\/07\/31\/oktoberfest-und-oktoberfest-landesschiessen-2024\/","url":"https:\/\/eichenlaub-haunwang.de\/index.php\/2024\/07\/31\/oktoberfest-und-oktoberfest-landesschiessen-2024\/","name":"Oktoberfest und Oktoberfest Landesschiessen 2024 - Eichenlaub Haunwang","isPartOf":{"@id":"https:\/\/eichenlaub-haunwang.de\/#website"},"primaryImageOfPage":{"@id":"https:\/\/eichenlaub-haunwang.de\/index.php\/2024\/07\/31\/oktoberfest-und-oktoberfest-landesschiessen-2024\/#primaryimage"},"image":{"@id":"https:\/\/eichenlaub-haunwang.de\/index.php\/2024\/07\/31\/oktoberfest-und-oktoberfest-landesschiessen-2024\/#primaryimage"},"thumbnailUrl":"https:\/\/eichenlaub-haunwang.de\/wp-content\/uploads\/2024\/06\/schuetzenzelt.jpg","datePublished":"2024-07-31T19:46:35+00:00","dateModified":"2024-08-15T09:03:04+00:00","breadcrumb":{"@id":"https:\/\/eichenlaub-haunwang.de\/index.php\/2024\/07\/31\/oktoberfest-und-oktoberfest-landesschiessen-2024\/#breadcrumb"},"inLanguage":"de","potentialAction":[{"@type":"ReadAction","target":["https:\/\/eichenlaub-haunwang.de\/index.php\/2024\/07\/31\/oktoberfest-und-oktoberfest-landesschiessen-2024\/"]}]},{"@type":"ImageObject","inLanguage":"de","@id":"https:\/\/eichenlaub-haunwang.de\/index.php\/2024\/07\/31\/oktoberfest-und-oktoberfest-landesschiessen-2024\/#primaryimage","url":"https:\/\/eichenlaub-haunwang.de\/wp-content\/uploads\/2024\/06\/schuetzenzelt.jpg","contentUrl":"https:\/\/eichenlaub-haunwang.de\/wp-content\/uploads\/2024\/06\/schuetzenzelt.jpg","width":1280,"height":720},{"@type":"BreadcrumbList","@id":"https:\/\/eichenlaub-haunwang.de\/index.php\/2024\/07\/31\/oktoberfest-und-oktoberfest-landesschiessen-2024\/#breadcrumb","itemListElement":[{"@type":"ListItem","position":1,"name":"Startseite","item":"https:\/\/eichenlaub-haunwang.de\/"},{"@type":"ListItem","position":2,"name":"Oktoberfest und Oktoberfest Landesschiessen 2024"}]},{"@type":"WebSite","@id":"https:\/\/eichenlaub-haunwang.de\/#website","url":"https:\/\/eichenlaub-haunwang.de\/","name":"Eichenlaub Haunwang","description":"gegr. 1950","publisher":{"@id":"https:\/\/eichenlaub-haunwang.de\/#organization"},"potentialAction":[{"@type":"SearchAction","target":{"@type":"EntryPoint","urlTemplate":"https:\/\/eichenlaub-haunwang.de\/?s={search_term_string}"},"query-input":{"@type":"PropertyValueSpecification","valueRequired":true,"valueName":"search_term_string"}}],"inLanguage":"de"},{"@type":"Organization","@id":"https:\/\/eichenlaub-haunwang.de\/#organization","name":"Eichenlaub Haunwang","url":"https:\/\/eichenlaub-haunwang.de\/","logo":{"@type":"ImageObject","inLanguage":"de","@id":"https:\/\/eichenlaub-haunwang.de\/#\/schema\/logo\/image\/","url":"https:\/\/eichenlaub-haunwang.de\/wp-content\/uploads\/media\/template\/cropped-eh-wappen-aussen_transparent_small.png","contentUrl":"https:\/\/eichenlaub-haunwang.de\/wp-content\/uploads\/media\/template\/cropped-eh-wappen-aussen_transparent_small.png","width":514,"height":554,"caption":"Eichenlaub Haunwang"},"image":{"@id":"https:\/\/eichenlaub-haunwang.de\/#\/schema\/logo\/image\/"}},{"@type":"Person","@id":"https:\/\/eichenlaub-haunwang.de\/#\/schema\/person\/6d18646812eccc50c957f74cb95c1954","name":"eichenlaub-haunwang.com","image":{"@type":"ImageObject","inLanguage":"de","@id":"https:\/\/secure.gravatar.com\/avatar\/649c17b7e0650dc611dc2b67b131b2bc92aeb27131c17cb48c7406f0c7ca2247?s=96&r=g","url":"https:\/\/secure.gravatar.com\/avatar\/649c17b7e0650dc611dc2b67b131b2bc92aeb27131c17cb48c7406f0c7ca2247?s=96&r=g","contentUrl":"https:\/\/secure.gravatar.com\/avatar\/649c17b7e0650dc611dc2b67b131b2bc92aeb27131c17cb48c7406f0c7ca2247?s=96&r=g","caption":"eichenlaub-haunwang.com"},"sameAs":["https:\/\/eichenlaub-haunwang.de"],"url":"https:\/\/eichenlaub-haunwang.de\/index.php\/author\/eichenlaub-haunwang-com\/"}]}},"modified_by":"eichenlaub-haunwang.com","_links":{"self":[{"href":"https:\/\/eichenlaub-haunwang.de\/index.php\/wp-json\/wp\/v2\/posts\/1115","targetHints":{"allow":["GET"]}}],"collection":[{"href":"https:\/\/eichenlaub-haunwang.de\/index.php\/wp-json\/wp\/v2\/posts"}],"about":[{"href":"https:\/\/eichenlaub-haunwang.de\/index.php\/wp-json\/wp\/v2\/types\/post"}],"author":[{"embeddable":true,"href":"https:\/\/eichenlaub-haunwang.de\/index.php\/wp-json\/wp\/v2\/users\/1"}],"replies":[{"embeddable":true,"href":"https:\/\/eichenlaub-haunwang.de\/index.php\/wp-json\/wp\/v2\/comments?post=1115"}],"version-history":[{"count":5,"href":"https:\/\/eichenlaub-haunwang.de\/index.php\/wp-json\/wp\/v2\/posts\/1115\/revisions"}],"predecessor-version":[{"id":1162,"href":"https:\/\/eichenlaub-haunwang.de\/index.php\/wp-json\/wp\/v2\/posts\/1115\/revisions\/1162"}],"wp:featuredmedia":[{"embeddable":true,"href":"https:\/\/eichenlaub-haunwang.de\/index.php\/wp-json\/wp\/v2\/media\/1029"}],"wp:attachment":[{"href":"https:\/\/eichenlaub-haunwang.de\/index.php\/wp-json\/wp\/v2\/media?parent=1115"}],"wp:term":[{"taxonomy":"category","embeddable":true,"href":"https:\/\/eichenlaub-haunwang.de\/index.php\/wp-json\/wp\/v2\/categories?post=1115"},{"taxonomy":"post_tag","embeddable":true,"href":"https:\/\/eichenlaub-haunwang.de\/index.php\/wp-json\/wp\/v2\/tags?post=1115"}],"curies":[{"name":"wp","href":"https:\/\/api.w.org\/{rel}","templated":true}]}}